{"id":1740,"global_id":"vhaji.cz\/en?id=1740","global_id_lineage":["vhaji.cz\/en?id=1740"],"author":"1","status":"publish","date":"2026-03-16 15:30:42","date_utc":"2026-03-16 15:30:42","modified":"2026-03-23 14:28:16","modified_utc":"2026-03-23 14:28:16","url":"https:\/\/vhaji.cz\/en\/event\/na-vlne-dechu-a-rytmu\/","rest_url":"https:\/\/vhaji.cz\/en\/wp-json\/tribe\/events\/v1\/events\/1740","title":"Na vln\u011b dechu a rytmu","description":"<p data-start=\"288\" data-end=\"328\"><strong data-start=\"288\" data-end=\"326\">Holotropn\u00ed d\u00fdch\u00e1n\u00ed za doprovodu \u017eiv\u00e9 hudby<\/strong><\/p>\n<p data-start=\"330\" data-end=\"471\"><strong data-start=\"330\" data-end=\"343\">\u00a0Datum:<\/strong> 3. dubna 2026<br data-start=\"357\" data-end=\"360\" \/><strong data-start=\"360\" data-end=\"370\">\u00a0\u010cas:<\/strong> 11:00 \u2013 14:00<br data-start=\"384\" data-end=\"387\" \/><strong data-start=\"387\" data-end=\"400\">\u00a0M\u00edsto:<\/strong> V h\u00e1ji<br data-start=\"407\" data-end=\"410\" \/><strong data-start=\"410\" data-end=\"426\">\u00a0Kapacita:<\/strong> 10\u201312 osob<br data-start=\"437\" data-end=\"440\" \/><strong data-start=\"440\" data-end=\"452\">\u00a0Cena:<\/strong> 2 500 K\u010d \/ osoba<\/p>\n<p data-start=\"330\" data-end=\"471\">\ud83d\udd25<strong data-start=\"380\" data-end=\"398\">Early Bird cena:<\/strong> <strong data-start=\"399\" data-end=\"411\">2 000 K\u010d<\/strong> p\u0159i p\u0159ihl\u00e1\u0161en\u00ed do <strong data-start=\"430\" data-end=\"439\">25.3.\ud83d\udd25<\/strong><\/p>\n<p data-start=\"493\" data-end=\"770\"><strong>O ud\u00e1losti<\/strong><br \/>\n90 minutov\u00e9 intenzivn\u00ed setk\u00e1n\u00ed inspirovan\u00e9 metodou holotropn\u00edho d\u00fdch\u00e1n\u00ed.<br \/>\nPomoc\u00ed v\u011bdom\u00e9ho dechu a \u017eiv\u00e9 hudby se vytv\u00e1\u0159\u00ed prostor pro uvoln\u011bn\u00ed nap\u011bt\u00ed, pr\u00e1ci s emocemi a hlub\u0161\u00ed kontakt se sebou sam\u00fdm.<br \/>\nMal\u00e1 skupina zaji\u0161\u0165uje bezpe\u010dn\u00e9 veden\u00ed a individu\u00e1ln\u00ed p\u0159\u00edstup.<\/p>\n<p><strong>Pr\u016fb\u011bh akce<\/strong><\/p>\n<ul>\n<li>\u00davod a sezn\u00e1men\u00ed s technikou d\u00fdch\u00e1n\u00ed<\/li>\n<li>Veden\u00e1 dechov\u00e1 praxe<\/li>\n<li>\u017div\u00fd hudebn\u00ed doprovod b\u011bhem d\u00fdch\u00e1n\u00ed<\/li>\n<li>Z\u00e1v\u011bre\u010dn\u00e9 zklidn\u011bn\u00ed<\/li>\n<\/ul>\n<p>D\u00e9lka programu: cca 90 minut<\/p>\n<p><strong>Pr\u016fvodce<\/strong><br \/>\nPavel v\u00e1s bezpe\u010dn\u011b provede cel\u00fdm procesem a vytvo\u0159\u00ed prostor pro hlubok\u00fd a autentick\u00fd pro\u017eitek.<\/p>\n<p><strong>\u017div\u00e1 hudba<\/strong><br \/>\nShivanam <span style=\"color: #808080;\">(<span style=\"color: #99ccff;\"><a style=\"color: #99ccff;\" href=\"http:\/\/en.shivanam.cz\">en.shivanam.cz<\/a><\/span>)<\/span> \u2013 zku\u0161en\u00ed hudebn\u00edci, kte\u0159\u00ed doprov\u00e1z\u00ed cel\u00fd workshop \u017eivou hudbou.<br data-start=\"290\" data-end=\"293\" \/>Jejich rytmy a meditativn\u00ed zvuky podporuj\u00ed dechovou praxi a pom\u00e1haj\u00ed se v\u00edce pono\u0159it do z\u00e1\u017eitku.<\/p>\n<p><strong>QR k\u00f3d na zaplacen\u00ed:<\/strong><\/p>\n<p><img fetchpriority=\"high\" decoding=\"async\" class=\"alignnone size-medium wp-image-1754\" src=\"https:\/\/vhaji.cz\/wp-content\/uploads\/2026\/03\/qr-2000--300x300.png\" alt=\"\" width=\"300\" height=\"300\" srcset=\"https:\/\/vhaji.cz\/wp-content\/uploads\/2026\/03\/qr-2000--300x300.png 300w, https:\/\/vhaji.cz\/wp-content\/uploads\/2026\/03\/qr-2000--150x150.png 150w, https:\/\/vhaji.cz\/wp-content\/uploads\/2026\/03\/qr-2000--12x12.png 12w, https:\/\/vhaji.cz\/wp-content\/uploads\/2026\/03\/qr-2000-.png 400w\" sizes=\"(max-width: 300px) 100vw, 300px\" \/><\/p>\n<div style=\"width: 1920px;\" class=\"wp-video\"><video class=\"wp-video-shortcode\" id=\"video-0-1\" width=\"1920\" height=\"1080\" preload=\"metadata\" controls=\"controls\"><source type=\"video\/mp4\" src=\"https:\/\/vhaji.cz\/wp-content\/uploads\/2026\/03\/YTDown.com_YouTube_Shivanam-World-Of-Fungi_Media_l0fgah5NsBI_001_1080p.mp4?_=1\" \/><a href=\"https:\/\/vhaji.cz\/wp-content\/uploads\/2026\/03\/YTDown.com_YouTube_Shivanam-World-Of-Fungi_Media_l0fgah5NsBI_001_1080p.mp4\">https:\/\/vhaji.cz\/wp-content\/uploads\/2026\/03\/YTDown.com_YouTube_Shivanam-World-Of-Fungi_Media_l0fgah5NsBI_001_1080p.mp4<\/a><\/video><\/div>\n<p>&nbsp;<\/p>","excerpt":"<p>Za\u017eijte holotropn\u00ed d\u00fdch\u00e1n\u00ed za doprovodu \u017eiv\u00e9 hudby. Intenzivn\u00ed t\u0159\u00edhodinov\u00e9 setk\u00e1n\u00ed pro uvoln\u011bn\u00ed nap\u011bt\u00ed, pr\u00e1ci s emocemi a hlub\u0161\u00ed kontakt se sebou sam\u00fdm.<\/p>","slug":"na-vlne-dechu-a-rytmu","image":{"url":"https:\/\/vhaji.cz\/wp-content\/uploads\/2026\/03\/1016294_500203896734463_1335876123_nn.jpg","id":1741,"extension":"jpg","width":960,"height":540,"filesize":96843,"sizes":{"medium":{"width":300,"height":169,"mime-type":"image\/jpeg","filesize":10985,"url":"https:\/\/vhaji.cz\/wp-content\/uploads\/2026\/03\/1016294_500203896734463_1335876123_nn-300x169.jpg"},"thumbnail":{"width":150,"height":150,"mime-type":"image\/jpeg","filesize":5795,"url":"https:\/\/vhaji.cz\/wp-content\/uploads\/2026\/03\/1016294_500203896734463_1335876123_nn-150x150.jpg"},"medium_large":{"width":768,"height":432,"mime-type":"image\/jpeg","filesize":48406,"url":"https:\/\/vhaji.cz\/wp-content\/uploads\/2026\/03\/1016294_500203896734463_1335876123_nn-768x432.jpg"},"trp-custom-language-flag":{"width":18,"height":10,"mime-type":"image\/jpeg","filesize":440,"url":"https:\/\/vhaji.cz\/wp-content\/uploads\/2026\/03\/1016294_500203896734463_1335876123_nn-18x10.jpg"},"Image Size 500x500":{"width":500,"height":500,"mime-type":"image\/jpeg","filesize":39068,"url":"https:\/\/vhaji.cz\/wp-content\/uploads\/2026\/03\/1016294_500203896734463_1335876123_nn-500x500.jpg"}}},"all_day":false,"start_date":"2026-04-03 11:00:00","start_date_details":{"year":"2026","month":"04","day":"03","hour":"11","minutes":"00","seconds":"00"},"end_date":"2026-04-03 14:00:00","end_date_details":{"year":"2026","month":"04","day":"03","hour":"14","minutes":"00","seconds":"00"},"utc_start_date":"2026-04-03 11:00:00","utc_start_date_details":{"year":"2026","month":"04","day":"03","hour":"11","minutes":"00","seconds":"00"},"utc_end_date":"2026-04-03 14:00:00","utc_end_date_details":{"year":"2026","month":"04","day":"03","hour":"14","minutes":"00","seconds":"00"},"timezone":"UTC+0","timezone_abbr":"UTC+0","cost":"Free","cost_details":{"currency_symbol":"","currency_code":"","currency_position":"","values":["0"]},"website":"","show_map":true,"show_map_link":true,"hide_from_listings":false,"sticky":false,"featured":false,"categories":[],"tags":[],"venue":{"id":621,"author":"1","status":"publish","date":"2025-09-01 18:50:51","date_utc":"2025-09-01 18:50:51","modified":"2025-09-01 18:50:51","modified_utc":"2025-09-01 18:50:51","url":"https:\/\/vhaji.cz\/en\/venue\/v-haji\/","venue":"V h\u00e1ji","slug":"v-haji","address":"Rakoveck\u00e1","city":"Brno","province":"Jihomoravsk\u00fd Kraj","zip":"635 00","stateprovince":"Jihomoravsk\u00fd Kraj","json_ld":{"@type":"Place","name":"V h\u00e1ji","description":"","url":"","address":{"@type":"PostalAddress","streetAddress":"Rakoveck\u00e1","addressLocality":"Brno","addressRegion":"Jihomoravsk\u00fd Kraj","postalCode":"635 00"},"telephone":"","sameAs":""},"show_map":true,"show_map_link":true,"global_id":"vhaji.cz\/en?id=621","global_id_lineage":["vhaji.cz\/en?id=621"]},"organizer":[],"custom_fields":[],"json_ld":{"@context":"http:\/\/schema.org","@type":"Event","name":"Na vln\u011b dechu a rytmu","description":"&lt;p&gt;Za\u017eijte holotropn\u00ed d\u00fdch\u00e1n\u00ed za doprovodu \u017eiv\u00e9 hudby. Intenzivn\u00ed t\u0159\u00edhodinov\u00e9 setk\u00e1n\u00ed pro uvoln\u011bn\u00ed nap\u011bt\u00ed, pr\u00e1ci s emocemi a hlub\u0161\u00ed kontakt se sebou sam\u00fdm.&lt;\/p&gt;\\n","image":"https:\/\/vhaji.cz\/wp-content\/uploads\/2026\/03\/1016294_500203896734463_1335876123_nn.jpg","url":"https:\/\/vhaji.cz\/en\/event\/na-vlne-dechu-a-rytmu\/","offers":[{"@type":"Offer","url":"https:\/\/vhaji.cz\/en\/event\/na-vlne-dechu-a-rytmu\/","price":"0","category":"primary","availability":"InStock","priceCurrency":"USD","validFrom":"2026-03-16T00:00:00+00:00","validThrough":"2026-04-02T00:00:00+00:00"}],"eventAttendanceMode":"https:\/\/schema.org\/OfflineEventAttendanceMode","eventStatus":"https:\/\/schema.org\/EventScheduled","startDate":"2026-04-03T11:00:00+00:00","endDate":"2026-04-03T14:00:00+00:00","location":{"@type":"Place","name":"V h\u00e1ji","description":"","url":"","address":{"@type":"PostalAddress","streetAddress":"Rakoveck\u00e1","addressLocality":"Brno","addressRegion":"Jihomoravsk\u00fd Kraj","postalCode":"635 00"},"telephone":"","sameAs":""},"performer":"Organization"},"ticketed":["rsvp"]}